{"id":14333,"date":"2025-05-15T21:42:51","date_gmt":"2025-05-15T18:42:51","guid":{"rendered":"https:\/\/avasolis.com\/?p=14333"},"modified":"2025-05-15T21:42:52","modified_gmt":"2025-05-15T18:42:52","slug":"rolyata-na-institutsionalnite-investitori-na-evropeyskia-zhilishten-pazar-prozrenia-i-vazmozhnosti","status":"publish","type":"post","link":"https:\/\/avasolis.com\/tr\/rolyata-na-institutsionalnite-investitori-na-evropeyskia-zhilishten-pazar-prozrenia-i-vazmozhnosti\/","title":{"rendered":"Avrupa konut piyasas\u0131nda kurumsal yat\u0131r\u0131mc\u0131lar\u0131n rol\u00fc: i\u00e7g\u00f6r\u00fcler ve f\u0131rsatlar"},"content":{"rendered":"<p>Son on y\u0131lda kurumsal yat\u0131r\u0131mc\u0131lar Avrupa konut piyasas\u0131nda varl\u0131klar\u0131n\u0131 \u00f6nemli \u00f6l\u00e7\u00fcde art\u0131rd\u0131. Yat\u0131r\u0131m fonlar\u0131, sigorta \u015firketleri ve emeklilik fonlar\u0131 art\u0131k \u00f6zellikle Paris, Dublin, Madrid gibi b\u00fcy\u00fck \u015fehirlerde ve Almanya ve Hollanda'n\u0131n ana b\u00f6lgelerinde kilit oyuncular aras\u0131nda yer al\u0131yor. Avrupa Merkez Bankas\u0131'na (ECB) g\u00f6re, kurumsal yat\u0131r\u0131mc\u0131lar\u0131n konut m\u00fclk\u00fc al\u0131mlar\u0131 bu d\u00f6nemde \u00fc\u00e7e katland\u0131. Bu artan etkinin konut fiyatlar\u0131, yerel ekonomiler ve para politikas\u0131n\u0131n aktar\u0131m\u0131 \u00fczerinde derin etkileri var.<\/p>\n\n\n\n<h3 class=\"wp-block-heading\">Kurumsal yat\u0131r\u0131mc\u0131lar konut piyasas\u0131n\u0131 nas\u0131l \u015fekillendiriyor<\/h3>\n\n\n\n<p>Kurumsal yat\u0131r\u0131mc\u0131lar genellikle toplu konut sat\u0131n al\u0131r, bu da talebi art\u0131r\u0131r ve dolay\u0131s\u0131yla emlak fiyatlar\u0131n\u0131 y\u00fckseltir. Genellikle yerel ekonomik ko\u015fullardan etkilenen bireysel al\u0131c\u0131lar\u0131n aksine, kurumsal yat\u0131r\u0131mc\u0131lar k\u00fcresel finansal e\u011filimler ve rekabet\u00e7i yat\u0131r\u0131m stratejileri taraf\u0131ndan y\u00f6nlendirilen daha geni\u015f bir \u00f6l\u00e7ekte hareket ederler. Yerel \u00fccret dinamiklerinden bu kopukluk, \u00f6zellikle b\u00fcy\u00fck sat\u0131n al\u0131mlar\u0131n yo\u011funla\u015ft\u0131\u011f\u0131 \u015fehirle\u015fmi\u015f b\u00f6lgelerde, hane halk\u0131 gelirleri ile emlak fiyatlar\u0131 aras\u0131ndaki geleneksel ba\u011f\u0131 zay\u0131flat\u0131r.<\/p>\n\n\n\n<p>Avrupa Merkez Bankas\u0131'n\u0131n (ECB) analizi, kurumsal yat\u0131r\u0131mc\u0131lar\u0131n aktivitesinin artmas\u0131yla konut fiyatlar\u0131n\u0131n sadece y\u00fckselmekle kalmay\u0131p uzun s\u00fcre y\u00fcksek kald\u0131\u011f\u0131n\u0131 g\u00f6steriyor. Bu durum, \u00f6zellikle ilk ev al\u0131c\u0131lar\u0131 olmak \u00fczere yerel halk i\u00e7in zorlay\u0131c\u0131. Y\u00fcksek kurumsal paya sahip \u015fehirlerde, konut eri\u015filebilirli\u011fi kritik bir sorun haline geliyor, \u00e7\u00fcnk\u00fc kira maliyetleri de art\u0131yor.<\/p>\n\n\n\n<h3 class=\"wp-block-heading\">Parasal politika etkile\u015fimi<\/h3>\n\n\n\n<p>Avrupa Merkez Bankas\u0131'n\u0131n (ECB) son analizinden \u00e7\u0131kar\u0131lan \u00f6nemli sonu\u00e7lardan biri, kurumsal yat\u0131r\u0131mc\u0131lar\u0131n para politikas\u0131n\u0131n konut piyasas\u0131 \u00fczerindeki etkilerini g\u00fc\u00e7lendirdi\u011fidir. ECB gibi merkez bankalar\u0131 faiz oranlar\u0131n\u0131 d\u00fc\u015f\u00fcrd\u00fc\u011f\u00fcnde, bu yat\u0131r\u0131mc\u0131lar portf\u00f6ylerini geni\u015fletmek i\u00e7in daha ucuz finansmandan yararlanarak h\u0131zla al\u0131mlar\u0131n\u0131 art\u0131r\u0131yorlar. Sonu\u00e7 olarak, davran\u0131\u015flar\u0131, ekonomik gerileme d\u00f6nemlerinde bile y\u00fcksek emlak fiyatlar\u0131n\u0131 destekleyerek konut piyasas\u0131n\u0131 n\u00fcfusun reel gelirlerinden daha da uzakla\u015ft\u0131r\u0131yor.<\/p>\n\n\n\n<h3 class=\"wp-block-heading\">2025 Y\u0131l\u0131 Yat\u0131r\u0131m Trendleri<\/h3>\n\n\n\n<p>PwC'nin \"Emlak Sekt\u00f6r\u00fcnde Geli\u015fen Trendler\u00ae: Avrupa 2025\" raporu, kurumsal yat\u0131r\u0131mc\u0131lar\u0131n portf\u00f6ylerini \u00f6\u011frenci yurtlar\u0131, lojistik ve dijital altyap\u0131 gibi sekt\u00f6rlere \u00e7e\u015fitlendirdi\u011fini vurgulayarak Avrupa Merkez Bankas\u0131'n\u0131n (ECB) bulgular\u0131n\u0131 teyit ediyor. Mevcut jeopolitik zorluklara ve d\u00fczenleyici bask\u0131lara ra\u011fmen, rapor Avrupa genelinde yat\u0131r\u0131m faaliyetlerinde bir toparlanma \u00f6ng\u00f6r\u00fcyor. Stratejik sat\u0131n almalar\u0131n geli\u015fmi\u015f altyap\u0131ya ve ekonomik istikrara sahip b\u00f6lgelere odaklanmas\u0131 beklenirken, a\u015f\u0131r\u0131 de\u011ferli gayrimenkul piyasalar\u0131 daha ihtiyatl\u0131 yat\u0131r\u0131m stratejilerine konu olabilir.<\/p>\n\n\n\n<h3 class=\"wp-block-heading\">Bulgaristan pazar\u0131 i\u00e7in sonu\u00e7lar<\/h3>\n\n\n\n<p>Kurumsal yat\u0131r\u0131mc\u0131lar Bat\u0131 Avrupa'da zaten g\u00fc\u00e7l\u00fc bir \u015fekilde konumlanm\u0131\u015fken, Bulgaristan nispeten geli\u015fmemi\u015f bir f\u0131rsat sunuyor. Stratejik konumu ve Sofya gibi b\u00fcy\u00fcyen \u015fehir merkezleriyle \u00fclke, \u00f6zellikle konut ve \u00e7ok i\u015flevli projelerde kurumsal yat\u0131r\u0131mlar i\u00e7in potansiyel sunuyor. Ancak, k\u00fcresel yat\u0131r\u0131m sermayesi ile yerel f\u0131rsatlar aras\u0131ndaki bo\u015flu\u011fu kapatmak i\u00e7in profesyonel arac\u0131l\u0131k ve derinlemesine pazar bilgisi gereklidir.<\/p>\n\n\n\n<h3 class=\"wp-block-heading\">AvaSOLIS, kurumsal yat\u0131r\u0131mlar\u0131 nas\u0131l kolayla\u015ft\u0131rabilir?<\/h3>\n\n\n\n<p>AvaSOLIS Real Estate, Bulgaristan emlak piyasas\u0131na eri\u015fmek isteyen kurumsal yat\u0131r\u0131mc\u0131lar\u0131 desteklemek i\u00e7in stratejik olarak konumlanm\u0131\u015ft\u0131r. Geni\u015f yerel in\u015faat m\u00fcteahhitleri ve \u015firketleri a\u011f\u0131n\u0131 kullanarak, kurumsal m\u00fc\u015fterilerin stratejik hedeflerine uygun ki\u015fiselle\u015ftirilmi\u015f \u00e7\u00f6z\u00fcmler sunuyoruz. \u0130ster b\u00fcy\u00fck \u00f6l\u00e7ekli konut projeleri, ister ticari yat\u0131r\u0131mlar veya \u00e7ok fonksiyonlu geli\u015ftirmeler olsun, AvaSOLIS a\u015fa\u011f\u0131dakiler dahil olmak \u00fczere tam destek sa\u011flar:<\/p>\n\n\n\n<ul class=\"wp-block-list\">\n<li>Y\u00fcksek potansiyelli yat\u0131r\u0131m f\u0131rsatlar\u0131n\u0131n belirlenmesi<\/li>\n\n\n\n<li>G\u00fcvenilir yerel giri\u015fimciler ve ortaklarla koordinasyon<\/li>\n\n\n\n<li>Pazar analizleri ve fizibilite et\u00fctleri sa\u011flama<\/li>\n\n\n\n<li>Yerel d\u00fczenlemelere ve yat\u0131r\u0131m \u00e7er\u00e7evelerine uygunlu\u011fun sa\u011flanmas\u0131<\/li>\n\n\n\n<li>Hukuki ve finansal dan\u0131\u015fmanl\u0131k hizmetleri sunmak<\/li>\n<\/ul>\n\n\n\n<h3 class=\"wp-block-heading\">Neden AvaSOLIS ile ortakl\u0131k kurmal\u0131s\u0131n\u0131z?<\/h3>\n\n\n\n<p>Emlak sekt\u00f6r\u00fcn\u00fcn premium segmentindeki deneyimimiz ve \u015feffafl\u0131\u011fa olan ba\u011fl\u0131l\u0131\u011f\u0131m\u0131z, AvaSOLIS'i uluslararas\u0131 yat\u0131r\u0131mc\u0131lar i\u00e7in g\u00fcvenilir bir ortak yapmaktad\u0131r. Yeni pazarlara girmenin karma\u015f\u0131kl\u0131\u011f\u0131n\u0131 anl\u0131yor ve ilk dan\u0131\u015fmanl\u0131ktan nihai edinime kadar sorunsuz bir hizmet sunuyoruz. Odak noktam\u0131z sadece i\u015flemleri kolayla\u015ft\u0131rmak de\u011fil, ayn\u0131 zamanda k\u00fcresel finansal hedeflerle uyumlu s\u00fcrd\u00fcr\u00fclebilir yat\u0131r\u0131m stratejileri olu\u015fturmakt\u0131r.<\/p>\n\n\n\n<h3 class=\"wp-block-heading\">Sonu\u00e7<\/h3>\n\n\n\n<p>Kurumsal yat\u0131r\u0131mc\u0131lar Avrupa konut piyasas\u0131n\u0131 \u015fekillendirmeye devam ederken, proaktif ve stratejik ortakl\u0131klar, ortaya \u00e7\u0131kan f\u0131rsatlara eri\u015fmek i\u00e7in hayati \u00f6nem ta\u015f\u0131yacakt\u0131r. AvaSOLIS Gayrimenkul, k\u00fcresel sermayeyi yerel uzmanl\u0131kla birle\u015ftirerek, yat\u0131r\u0131mlar\u0131n sadece karl\u0131 de\u011fil, ayn\u0131 zamanda uzun vadede s\u00fcrd\u00fcr\u00fclebilir olmas\u0131n\u0131 sa\u011flayarak \u00f6n saflarda yer almaya devam ediyor.<\/p>\n\n\n\n<p><strong>Kurumsal bir yat\u0131r\u0131mc\u0131ysan\u0131z ve portf\u00f6y\u00fcn\u00fcz\u00fc Bulgaristan'da geni\u015fletmek istiyorsan\u0131z, sizi kapsaml\u0131 bir dan\u0131\u015fmanl\u0131k i\u00e7in AvaSOLIS ile ileti\u015fime ge\u00e7meye davet ediyoruz.<\/strong><\/p>","protected":false},"excerpt":{"rendered":"<p>\u041f\u0440\u0435\u0437 \u043f\u043e\u0441\u043b\u0435\u0434\u043d\u043e\u0442\u043e \u0434\u0435\u0441\u0435\u0442\u0438\u043b\u0435\u0442\u0438\u0435 \u0438\u043d\u0441\u0442\u0438\u0442\u0443\u0446\u0438\u043e\u043d\u0430\u043b\u043d\u0438\u0442\u0435 \u0438\u043d\u0432\u0435\u0441\u0442\u0438\u0442\u043e\u0440\u0438 \u0437\u043d\u0430\u0447\u0438\u0442\u0435\u043b\u043d\u043e \u0443\u0432\u0435\u043b\u0438\u0447\u0438\u0445\u0430 \u0441\u0432\u043e\u0435\u0442\u043e \u043f\u0440\u0438\u0441\u044a\u0441\u0442\u0432\u0438\u0435 \u043d\u0430 \u0435\u0432\u0440\u043e\u043f\u0435\u0439\u0441\u043a\u0438\u044f \u0436\u0438\u043b\u0438\u0449\u0435\u043d \u043f\u0430\u0437\u0430\u0440. \u0418\u043d\u0432\u0435\u0441\u0442\u0438\u0446\u0438\u043e\u043d\u043d\u0438\u0442\u0435 \u0444\u043e\u043d\u0434\u043e\u0432\u0435, \u0437\u0430\u0441\u0442\u0440\u0430\u0445\u043e\u0432\u0430\u0442\u0435\u043b\u043d\u0438\u0442\u0435 \u0434\u0440\u0443\u0436\u0435\u0441\u0442\u0432\u0430 \u0438 \u043f\u0435\u043d\u0441\u0438\u043e\u043d\u043d\u0438\u0442\u0435 \u0444\u043e\u043d\u0434\u043e\u0432\u0435 \u0432\u0435\u0447\u0435 \u0441\u0430 \u0441\u0440\u0435\u0434 \u043a\u043b\u044e\u0447\u043e\u0432\u0438\u0442\u0435 \u0438\u0433\u0440\u0430\u0447\u0438, \u043e\u0441\u043e\u0431\u0435\u043d\u043e \u0432 \u0433\u043e\u043b\u0435\u043c\u0438 \u0433\u0440\u0430\u0434\u043e\u0432\u0435 \u043a\u0430\u0442\u043e \u041f\u0430\u0440\u0438\u0436, \u0414\u044a\u0431\u043b\u0438\u043d, \u041c\u0430\u0434\u0440\u0438\u0434 \u0438 \u0432 \u043e\u0441\u043d\u043e\u0432\u043d\u0438 \u0440\u0435\u0433\u0438\u043e\u043d\u0438 \u043d\u0430 \u0413\u0435\u0440\u043c\u0430\u043d\u0438\u044f \u0438 \u041d\u0438\u0434\u0435\u0440\u043b\u0430\u043d\u0434\u0438\u044f. \u0421\u043f\u043e\u0440\u0435\u0434 \u0415\u0432\u0440\u043e\u043f\u0435\u0439\u0441\u043a\u0430\u0442\u0430 \u0446\u0435\u043d\u0442\u0440\u0430\u043b\u043d\u0430 \u0431\u0430\u043d\u043a\u0430 (\u0415\u0426\u0411) \u043f\u0440\u0438\u0434\u043e\u0431\u0438\u0432\u0430\u043d\u0438\u044f\u0442\u0430 \u043d\u0430 \u0436\u0438\u043b\u0438\u0449\u043d\u0438 \u0438\u043c\u043e\u0442\u0438 \u043e\u0442 \u0438\u043d\u0441\u0442\u0438\u0442\u0443\u0446\u0438\u043e\u043d\u0430\u043b\u043d\u0438 \u0438\u043d\u0432\u0435\u0441\u0442\u0438\u0442\u043e\u0440\u0438 \u0441\u0430 \u0441\u0435 [&hellip;]<\/p>\n","protected":false},"author":641,"featured_media":14334,"comment_status":"closed","ping_status":"closed","sticky":false,"template":"","format":"standard","meta":{"wds_primary_category":0,"footnotes":""},"categories":[834],"tags":[835,836],"class_list":["post-14333","post","type-post","status-publish","format-standard","has-post-thumbnail","hentry","category-investitsii","tag-nedvizhimi-imoti-v-evropa","tag-pazar-na-imoti-v-balgaria"],"_links":{"self":[{"href":"https:\/\/avasolis.com\/tr\/wp-json\/wp\/v2\/posts\/14333","targetHints":{"allow":["GET"]}}],"collection":[{"href":"https:\/\/avasolis.com\/tr\/wp-json\/wp\/v2\/posts"}],"about":[{"href":"https:\/\/avasolis.com\/tr\/wp-json\/wp\/v2\/types\/post"}],"author":[{"embeddable":true,"href":"https:\/\/avasolis.com\/tr\/wp-json\/wp\/v2\/users\/641"}],"replies":[{"embeddable":true,"href":"https:\/\/avasolis.com\/tr\/wp-json\/wp\/v2\/comments?post=14333"}],"version-history":[{"count":1,"href":"https:\/\/avasolis.com\/tr\/wp-json\/wp\/v2\/posts\/14333\/revisions"}],"predecessor-version":[{"id":14335,"href":"https:\/\/avasolis.com\/tr\/wp-json\/wp\/v2\/posts\/14333\/revisions\/14335"}],"wp:featuredmedia":[{"embeddable":true,"href":"https:\/\/avasolis.com\/tr\/wp-json\/wp\/v2\/media\/14334"}],"wp:attachment":[{"href":"https:\/\/avasolis.com\/tr\/wp-json\/wp\/v2\/media?parent=14333"}],"wp:term":[{"taxonomy":"category","embeddable":true,"href":"https:\/\/avasolis.com\/tr\/wp-json\/wp\/v2\/categories?post=14333"},{"taxonomy":"post_tag","embeddable":true,"href":"https:\/\/avasolis.com\/tr\/wp-json\/wp\/v2\/tags?post=14333"}],"curies":[{"name":"wp","href":"https:\/\/api.w.org\/{rel}","templated":true}]}}